{"id":7702,"date":"2023-05-22T07:15:19","date_gmt":"2023-05-22T06:15:19","guid":{"rendered":"https:\/\/web.unibas.it\/scuolasafenews\/s1\/wordpress\/?p=7702"},"modified":"2023-05-22T07:15:19","modified_gmt":"2023-05-22T06:15:19","slug":"avviso-seminario-cork-oak-forest-in-portugal","status":"publish","type":"post","link":"https:\/\/web.unibas.it\/scuolasafenews\/s1\/wordpress\/index.php\/2023\/05\/22\/avviso-seminario-cork-oak-forest-in-portugal\/","title":{"rendered":"Avviso seminario: Cork Oak Forest in Portugal"},"content":{"rendered":"<p><strong>Martedi <\/strong>23\/05\/2023 ore <strong>09:30-11:30<\/strong> in <strong>Aula A13 SAFE<\/strong>, nell\u2019ambito del Corso di Laurea in Scienze Forestali ed Ambientali durante il Corso di \u201cEcologia e Dasometria\u201d del prof. Francesco Ripullone, il Prof. Jo\u00e3o Martim de Portugal e Vasconcelos Fernandes, dell\u2019Instituto Polit\u00e9cnico de Beja (Laborat\u00f3rio de An\u00e1lise de Sementes e Mat\u00e9rias Primas Vegetais), Portogallo, terr\u00e0 un seminario dal titolo:<\/p>\n<p><strong>Cork Oak Forest<\/strong> <strong>in Portugal <\/strong><\/p>\n","protected":false},"excerpt":{"rendered":"<p>Martedi 23\/05\/2023 ore 09:30-11:30 in Aula A13 SAFE, nell\u2019ambito del Corso di Laurea in Scienze Forestali ed Ambientali durante il Corso di \u201cEcologia e Dasometria\u201d del prof. Francesco Ripullone, il Prof. Jo\u00e3o Martim de Portugal e Vasconcelos Fernandes, dell\u2019Instituto Polit\u00e9cnico de Beja (Laborat\u00f3rio de An\u00e1lise de Sementes e Mat\u00e9rias Primas Vegetais), Portogallo, terr\u00e0 un seminario [&hellip;]<\/p>\n","protected":false},"author":4,"featured_media":0,"comment_status":"closed","ping_status":"open","sticky":false,"template":"","format":"standard","meta":{"footnotes":""},"categories":[6],"tags":[],"_links":{"self":[{"href":"https:\/\/web.unibas.it\/scuolasafenews\/s1\/wordpress\/index.php\/wp-json\/wp\/v2\/posts\/7702"}],"collection":[{"href":"https:\/\/web.unibas.it\/scuolasafenews\/s1\/wordpress\/index.php\/wp-json\/wp\/v2\/posts"}],"about":[{"href":"https:\/\/web.unibas.it\/scuolasafenews\/s1\/wordpress\/index.php\/wp-json\/wp\/v2\/types\/post"}],"author":[{"embeddable":true,"href":"https:\/\/web.unibas.it\/scuolasafenews\/s1\/wordpress\/index.php\/wp-json\/wp\/v2\/users\/4"}],"replies":[{"embeddable":true,"href":"https:\/\/web.unibas.it\/scuolasafenews\/s1\/wordpress\/index.php\/wp-json\/wp\/v2\/comments?post=7702"}],"version-history":[{"count":1,"href":"https:\/\/web.unibas.it\/scuolasafenews\/s1\/wordpress\/index.php\/wp-json\/wp\/v2\/posts\/7702\/revisions"}],"predecessor-version":[{"id":7703,"href":"https:\/\/web.unibas.it\/scuolasafenews\/s1\/wordpress\/index.php\/wp-json\/wp\/v2\/posts\/7702\/revisions\/7703"}],"wp:attachment":[{"href":"https:\/\/web.unibas.it\/scuolasafenews\/s1\/wordpress\/index.php\/wp-json\/wp\/v2\/media?parent=7702"}],"wp:term":[{"taxonomy":"category","embeddable":true,"href":"https:\/\/web.unibas.it\/scuolasafenews\/s1\/wordpress\/index.php\/wp-json\/wp\/v2\/categories?post=7702"},{"taxonomy":"post_tag","embeddable":true,"href":"https:\/\/web.unibas.it\/scuolasafenews\/s1\/wordpress\/index.php\/wp-json\/wp\/v2\/tags?post=7702"}],"curies":[{"name":"wp","href":"https:\/\/api.w.org\/{rel}","templated":true}]}}