{"id":335,"date":"2019-01-31T18:00:58","date_gmt":"2019-01-31T18:00:58","guid":{"rendered":"https:\/\/web.unibas.it\/scuolasafenews\/s1\/wordpress\/?p=335"},"modified":"2019-01-31T19:56:09","modified_gmt":"2019-01-31T18:56:09","slug":"green-week-academy-borse-di-soggiorno-per-studenti-universitari","status":"publish","type":"post","link":"https:\/\/web.unibas.it\/scuolasafenews\/s1\/wordpress\/index.php\/2019\/01\/31\/green-week-academy-borse-di-soggiorno-per-studenti-universitari\/","title":{"rendered":"Green Week Academy | Borse di soggiorno per studenti universitari"},"content":{"rendered":"<p>Di seguito tutte le informazioni relative al progetto *&#8221;Academy&#8221; *per la *Green Week 2019,*\u00a0che speriamo possa condividere con i suoi studenti.<br \/>\nIl progetto Academy permetter\u00e0 a un numero selezionato di _studenti di laurea triennale, specialistica, master e dottorato_ di partecipare in modo agevolato alla Green Week, una settimana di *visite in azienda, incontri con gli esperti, dibattiti e seminari specialistici*\u00a0che potr\u00e0 arricchire il curriculum di studi dei suoi studenti. I candidati potranno scegliere se partecipare solamente alla prima parte (il tour de &#8220;*Le Fabbriche della Sostenibilit\u00e0*&#8221;, dal 26 al 28 febbraio), alla seconda parte (&#8220;*Festival della Green Economy*&#8221; di Trento, dal 1 al 3 marzo) o all&#8217;intera settimana.<br \/>\nCome potr\u00e0 leggere nel bando che le riporto qui di seguito, le segnalo che le candidature dovranno essere inviate *entro*\u00a0il *30\u00a0gennaio 2019*. Seguir\u00e0 poi un&#8217;ultima deadline, previa disponibilit\u00e0 di posti per partecipare all&#8217;Academy.<br \/>\nLe confermo la mia completa disponibilit\u00e0 a rispondere alle sue domande o degli studenti qualora vi fossero dubbi in merito al progetto &#8220;Academy&#8221;. Ad ogni modo, le segnalo che a _questa pagina <<a href=\"https:\/\/zoho.email-view.com\/click.zt?linkDgs=312b8240cb311k16860a1a957&#038;mailDgs=312b8240cb310&#038;ver=a78101656d9c1ed0bd939597d2d6a7c739d4116242859ea1997638aa7e32022b\">zoho.email-view.com\/click.zt?linkDgs=312b8240cb311k16860a1a957&amp;mailDgs=312b8240cb310&amp;ver=a78101656d9c1ed0bd939597d2d6a7c739d4116242859ea1997638aa7e32022b<\/a>>_\u00a0potrete trovare gi\u00e0 una prima serie di risposte ai dubbi pi\u00f9 comuni.<br \/>\nCon la speranza di poter accogliere i suoi studenti alla Green Week, la saluto cordialmente.<br \/>\n*Eleonora Benvenuti * t. +39 0498757589<br \/>\n<a href=\"mailto:info@italypost.it\" >info@italypost.it<\/a> <<a href=\"mailto:info@italypost.it\">mailto:<a href=\"mailto:info@italypost.it\" >info@italypost.it<\/a><\/a>> <a href=\"http:\/\/www.italypost.it\">www.italypost.it<\/a> <<a href=\"https:\/\/zoho.email-view.com\/click.zt?linkDgs=312b8240cb312k16860a1a957&#038;mailDgs=312b8240cb310&#038;ver=a78101656d9c1ed0bd939597d2d6a7c739d4116242859ea1997638aa7e32022b\">zoho.email-view.com\/click.zt?linkDgs=312b8240cb312k16860a1a957&amp;mailDgs=312b8240cb310&amp;ver=a78101656d9c1ed0bd939597d2d6a7c739d4116242859ea1997638aa7e32022b<\/a>><br \/>\n\u200b<\/p>\n<p>*Borse di soggiorno per studenti universitari *<br \/>\n* *<br \/>\n*Green Week Academy*<br \/>\n*26 febbraio &#8211; 3 marzo 2019 *<br \/>\n*8^ edizione*<br \/>\n* *<br \/>\n*26 &#8211; 28 FEBBRAIO 2019 *<br \/>\n*Study Tour alla scoperta delle Fabbriche della Sostenibilit\u00e0*<br \/>\n* *<br \/>\n*1 &#8211; 3 MARZO 2019 *<br \/>\n*Trento: Festival della Green Economy*<br \/>\n* *<br \/>\n*_Tutte le informazioni su: <a href=\"http:\/\/www.greenweekfestival.it\">www.greenweekfestival.it<\/a> <<a href=\"http:\/\/www.greenweekfestival.it\">www.greenweekfestival.it<\/a>>_*<\/p>\n<p>\/Con preghiera di diffusione agli studenti di laurea triennale, specialistica, master e dottorato\/<br \/>\n\/ \/<br \/>\n*Sono aperte le candidature per le borse di soggiorno per studenti universitari per partecipare all\u2019ottava edizione della Green Week Academy. *<br \/>\nPromossa da *ItalyPost* e *Fondazione Symbola*, in collaborazione con il *Corriere della Sera-Buone Notizie*, e curata da *Goodnet,* *la Green Week \u00e8 una vetrina d\u2019avanguardia nelle tecnologie del green-thinking*.<br \/>\n *Gli studenti interessati potranno scegliere di inviare la propria candidatura per partecipare all\u2019intera settimana di eventi o a una delle sue due parti: *<br \/>\n * da *marted\u00ec 26 a gioved\u00ec 28 febbraio (prima parte)*, la Green Week propone un tour alla *scoperta delle aziende d\u2019eccellenza protagoniste dell\u2019innovazione nel campo della sostenibilit\u00e0.* * da*venerd\u00ec 1 a domenica 3 marzo (seconda parte)*, la manifestazione giunger\u00e0 a *Trento*, che per tre giorni sar\u00e0 animata da *dibattiti, incontri ed eventi in un vero e proprio Festival della Green Economy.* * da*marted\u00ec 26 febbraio a domenica 3 marzo (intera settimana)*, comprende sia il tour alla scoperta delle aziende d\u2019eccellenza protagoniste dell\u2019innovazione nel campo delle sostenibilit\u00e0, sia i tre giorni di dibattiti, incontri ed eventi che si terranno a Trento.<br \/>\n *Il programma completo della manifestazione sar\u00e0 disponibile sul sito <a href=\"http:\/\/www.greenweekfestival.it\">www.greenweekfestival.it<\/a> <<a href=\"http:\/\/www.greenweekfestival.it\">www.greenweekfestival.it<\/a>> nelle prossime settimane.*<\/p>\n<p>*BORSE DI SOGGIORNO PER PARTECIPARE A GREEN WEEK ACADEMY*<br \/>\n*Anche nel 2019 il Festival guarda con attenzione particolare al coinvolgimento dei giovani delle universit\u00e0 italiane*, ai quali intende offrire un\u2019occasione unica di incontro, scambio e formazione. A tale scopo l\u2019organizzazione offre a un numero selezionato di studenti universitari la possibilit\u00e0 di candidarsi alle *borse di soggiorno*.<br \/>\n*SCOPRI GREEN WEEK: IL VIDEO DELL&#8217;EDIZIONE 2018*<br \/>\n<<a href=\"https:\/\/zoho.email-view.com\/click.zt?linkDgs=312b8240cb313k16860a1a957&#038;mailDgs=312b8240cb310&#038;ver=a78101656d9c1ed0bd939597d2d6a7c739d4116242859ea1997638aa7e32022b\">zoho.email-view.com\/click.zt?linkDgs=312b8240cb313k16860a1a957&amp;mailDgs=312b8240cb310&amp;ver=a78101656d9c1ed0bd939597d2d6a7c739d4116242859ea1997638aa7e32022b<\/a>><br \/>\n *Guarda il video per scoprire come funziona la Green Week e seguire il racconto della scorsa edizione.*<br \/>\n*PRIMA PARTE: IL TOUR DELLE FABBRICHE DELLA SOSTENIBILITA\u2019*<br \/>\n*(26 &#8211; 28 febbraio 2019)*<br \/>\nLa *prima parte* della Green Week *(dal 26 al 28 febbraio)* sar\u00e0 dedicata a *un tour tra le imprese maggiormente innovative in termini di eco-sostenibilit\u00e0*. I\u00a0partecipanti al tour incontreranno gli imprenditori e i tecnici delle aziende grazie a un*programma di visite guidate, workshop e conferenze durante i quali verranno svelati i diversi approcci scientifici, culturali e tecnologici adottati.* Questo permetter\u00e0 ai partecipanti di conoscere le tecnologie e i prodotti che segneranno il futuro in questi settori.<br \/>\nTra le *Fabbriche della Sostenibilit\u00e0* che, a seconda della formula di partecipazione e degli itinerari prescelti si potranno visitare ci saranno: *Centrale Idroelettrica di Riva del Garda*, *F.o.m.e.t*, *Cielo e Terra Vini*, *Ratti*, il *distretto della concia di Arzignano*, *Scania*, *SolidPower*, gli impianti *Buzzi Unicem* di Piacenza, Monselice e Pordenone, quelli di *Snam* a Pordenone e Treviso, mentre saranno protagoniste al *Porto di Venezia* la *Bioraffineria Eni*, *VTP-Venezia Terminal Passeggeri*, *Venice Heritage Tower* e *Venice LNG*.<br \/>\n *SECONDA PARTE: FESTIVAL DELLA GREEN ECONOMY*<br \/>\n*(Trento, 1 &#8211; 3 marzo 2019)*<br \/>\nLa *seconda parte* della settimana *(dal 1 al 3 marzo)* avr\u00e0 invece come protagonista la citt\u00e0 di *Trento* e il *Festival della Green Economy*: tre giorni di appuntamenti per approfondire e discutere i grandi temi della green economy tra cui *bioedilizia, mobilit\u00e0 elettrica e a idrogeno, nuovi materiali, economia circolare ed energia*. A Trento ci saranno tutti i principali esperti nazionali e internazionali, i pi\u00f9 importanti imprenditori impegnati nello sviluppo di prodotti eco-sostenibili, i giornalisti del settore e moltissimi giovani che hanno avviato startup nel settore.<br \/>\n *Direttore scientifico* della manifestazione \u00e8 *Ermete Realacci*, presidente di *Fondazione Symbola*, nata nel 2005 per promuovere la soft economy, un modello di sviluppo orientato alla qualit\u00e0 in cui tradizioni e territori sposano innovazione, ricerca, cultura e design. La Fondazione Symbola redige annualmente il Rapporto GreenItaly, il punto sull\u2019economia verde in Italia.<br \/>\nAlla definizione del programma partecipano inoltre l\u2019*Universit\u00e0 degli Studi di Trento, Trentino Sviluppo*, con la Green Innovation Factory di Progetto Manifattura, punto di riferimento a livello europeo nel settore delle clean tech, *Fondazione Edmund Mach*, che svolge attivit\u00e0 di ricerca scientifica e sperimentazione nel settore agricolo, agroalimentare e ambientale e far\u00e0 parte del centro di eccellenza mondiale Human Technopole, *Fondazione Bruno Kessler, *capofila e coordinatore scientifico del progetto \u201cMobilit\u00e0 Idrogeno Italia\u201d, e il *MUSE \u2013 Museo delle Scienze*.<br \/>\n*Alcuni degli ospiti gi\u00e0 confermati di questa edizione: **Sergio Cal\u00f2*, cluster director Venetian Heritage Cluster,*Ermete Realacci*, presidente Fondazione Symbola, *Andrea Segr\u00e8*, presidente Fondazione Edmund Mach, fondatore Last Minute Market, presidente Fico, *A**ntonio Calabr\u00f2*, direttore Fondazione Pirelli, vicepresidente Assolombarda, *Francesco Profumo*, presidente Compagnia di San Paolo, presidente Fondazione Bruno Kessler, *Elisabetta Soglio*, giornalista Corriere della Sera, *Davide Bollati*, presidente Davines, *Salvatore Majorana*, direttore Parco Scientifico Tecnologico Kilometro Rosso, *Mariangela Franch*, docente Universit\u00e0 di Trento, *Chiara Maule*, assessore con delega per le materie della partecipazione, innovazione, formazione e progetti europei, *Domenico De Masi*, docente Universit\u00e0 \u201cLa Sapienza\u201d di Roma, *Leonardo Becchetti*, economista, *Alessandro Invernizzi*, amministratore delegato Lurisia, *Aldo Bonomi*, sociologo, direttore Consorzio AASter e *Fabio Renzi, *segretario generale Fondazione Symbola.<br \/>\n*L\u2019elenco completo dei protagonisti e il programma ufficiale degli eventi sar\u00e0 disponibile nelle prossime settimane sul sito _www.greenweekfestival.it <<a href=\"http:\/\/www.greenweekfestival.it\">www.greenweekfestival.it<\/a>>_*<br \/>\n*BENEFICI PER I PARTECIPANTI*<br \/>\nNegli ultimi anni, oltre 7000 laureandi e dottorandi hanno partecipato al progetto *\u201cAcademy*\u201d\u00a0curato da *Goodnet <<a href=\"https:\/\/zoho.email-view.com\/click.zt?linkDgs=312b8240cb314k16860a1a957&#038;mailDgs=312b8240cb310&#038;ver=a78101656d9c1ed0bd939597d2d6a7c739d4116242859ea1997638aa7e32022b\">zoho.email-view.com\/click.zt?linkDgs=312b8240cb314k16860a1a957&amp;mailDgs=312b8240cb310&amp;ver=a78101656d9c1ed0bd939597d2d6a7c739d4116242859ea1997638aa7e32022b<\/a>>.* Attraverso le nostre attivit\u00e0 offriamo agli studenti l\u2019opportunit\u00e0 unica di incontrarsi e scambiare opinioni con professionisti ed esperti del settore, partecipare ad attivit\u00e0 di formazione ed entrare in una rete internazionale di coetanei che condividono i loro stessi interessi.<br \/>\n La *Green Week Academy* mette a disposizione di tutti gli studenti interessati *200 borse di soggiorno* che prevedono:<br \/>\n* *alloggio in camere multiple* in strutture convenzionate per l\u2019intera durata del soggiorno e pagamento della tassa di soggiorno; * *pranzi e cene* con men\u00f9 fisso in strutture che verranno indicate dall\u2019organizzazione; * *accesso privilegiato e posti riservati a tutti gli eventi della manifestazione*, con possibilit\u00e0 di dialogo diretto con i relatori al termine degli incontri.<br \/>\n Per chi partecipa alla prima sezione *\u201cLe Fabbriche della Sostenibilit\u00e0\u201d*, sono inoltre previsti i *transfer* da una citt\u00e0 all&#8217;altra per raggiungere le aziende che partecipano alla manifestazione.<br \/>\n *_Restano a carico degli studenti le spese di viaggio di andata e ritorno. _*<br \/>\n Per confermare la propria partecipazione all\u2019evento, gli studenti selezionati per la borsa di soggiorno sono tenuti a versare una quota di partecipazione diversa a seconda dell\u2019opzione prescelta tra:<br \/>\n * *OPZIONE A) TRE GIORNI\/ DUE NOTTI *| Prima parte del tour &#8211; *&#8221;Le Fabbriche della Sostenibilit\u00e0&#8221;* (da *marted\u00ec 26 *a *gioved\u00ec 28 febbraio*, con trasferimenti in autobus tra le varie aziende protagoniste): *_180 Euro_*; * *OPZIONE B) TRE GIORNI\/ DUE NOTTI*| Seconda parte del tour &#8211; *Il Festival della Green Economy a Trento* (da *venerd\u00ec 1* a*domenica 3 marzo*): *_160 Euro_*; * *OPZIONE C) SEI GIORNI\/ CINQUE NOTTI*| Tour completo &#8211; *&#8221;Le Fabbriche della Sostenibilit\u00e0&#8221; e il Festival della Green Economy a Trento* (da *marted\u00ec 26 febbraio *a *domenica 3 marzo*, con trasferimenti in autobus tra le varie aziende protagoniste): *_380 Euro_*.<br \/>\n *_A fine manifestazione verr\u00e0 rilasciato l\u2019attestato di partecipazione ufficiale. _*<br \/>\n*COME PRESENTARE LA CANDIDATURA*<br \/>\n*Per candidarsi alle borse di soggiorno \u00e8 sufficiente compilare il modulo disponibile a questo link (clicca qui <<a href=\"https:\/\/zoho.email-view.com\/click.zt?linkDgs=312b8240cb315k16860a1a957&#038;mailDgs=312b8240cb310&#038;ver=a78101656d9c1ed0bd939597d2d6a7c739d4116242859ea1997638aa7e32022b\">zoho.email-view.com\/click.zt?linkDgs=312b8240cb315k16860a1a957&amp;mailDgs=312b8240cb310&amp;ver=a78101656d9c1ed0bd939597d2d6a7c739d4116242859ea1997638aa7e32022b<\/a>>)* specificando la tipologia di borsa di soggiorno che si intende richiedere (prima parte del tour, seconda parte o tour completo).<br \/>\nSono previste le seguenti *scadenze* per inviare la candidatura<br \/>\n* prossima scadenza: *30 gennaio 2019* * seconda e ultima scadenza: *15 febbraio 2019 *(\/salvo esaurimento dei posti disponibili\/)<br \/>\nLe domande di partecipazione verranno selezionate e approvate fino ad esaurimento dei posti disponibili. La selezione delle candidature avverr\u00e0 a giudizio insindacabile della direzione organizzativa della manifestazione.<br \/>\n Il nostro staff fornir\u00e0 agli studenti selezionati tutte le informazioni riguardanti il vitto, l\u2019alloggio e il programma degli appuntamenti e comunicher\u00e0 le modalit\u00e0 per eseguire il pagamento della quota di partecipazione.<br \/>\n Gli studenti selezionati sono tenuti a seguire il programma di eventi che sar\u00e0 definito dall&#8217;organizzazione della Green Week e a prendere parte attivamente alle attivit\u00e0 previste nei giorni della manifestazione.<br \/>\nClicca qui per candidarti <<a href=\"https:\/\/zoho.email-view.com\/click.zt?linkDgs=312b8240cb316k16860a1a957&#038;mailDgs=312b8240cb310&#038;ver=a78101656d9c1ed0bd939597d2d6a7c739d4116242859ea1997638aa7e32022b\">zoho.email-view.com\/click.zt?linkDgs=312b8240cb316k16860a1a957&amp;mailDgs=312b8240cb310&amp;ver=a78101656d9c1ed0bd939597d2d6a7c739d4116242859ea1997638aa7e32022b<\/a>><br \/>\n *DOMANDE FREQUENTI*<br \/>\nQualora avessi dei dubbi o delle domande sulle modalit\u00e0 di compilazione della candidatura, sull\u2019organizzazione del tuo soggiorno alla Green Week, su cosa fare in caso di rinuncia dopo il versamento della quota di partecipazione, *clicca qui <<a href=\"https:\/\/zoho.email-view.com\/click.zt?linkDgs=312b8240cb317k16860a1a957&#038;mailDgs=312b8240cb310&#038;ver=a78101656d9c1ed0bd939597d2d6a7c739d4116242859ea1997638aa7e32022b\">zoho.email-view.com\/click.zt?linkDgs=312b8240cb317k16860a1a957&amp;mailDgs=312b8240cb310&amp;ver=a78101656d9c1ed0bd939597d2d6a7c739d4116242859ea1997638aa7e32022b<\/a>>* e troverai la risposta alle domande pi\u00f9 frequenti.<br \/>\n*PER MAGGIORI INFORMAZIONI*<br \/>\nContattaci dal luned\u00ec al venerd\u00ec, dalle 9 alle 18, ai seguenti recapiti:<br \/>\n Stefania Galetto<br \/>\n*Goodnet Territori in Rete*<br \/>\nM. <a href=\"mailto:segreteria@goodnet.it\" >segreteria@goodnet.it<\/a> <<a href=\"mailto:segreteria@goodnet.it?subject=mail\">mailto:<a href=\"mailto:segreteria@goodnet.it?subject=mail\" >segreteria@goodnet.it?subject=mail<\/a><\/a>><br \/>\nT. 049 8761884<br \/>\n*CHI SIAMO*<br \/>\nGoodnet\u00a0\u00e8 una societ\u00e0 specializzata nell\u2019ideazione e produzione di festival, eventi e progetti culturali. Dal 2012, Goodnet offre ai migliori studenti italiani l\u2019opportunit\u00e0 di partecipare ai festival culturali che produce, con un programma speciale di ospitalit\u00e0. Oltre alla Green Week, \u00e8 possibile partecipare al progetto Academy\u00a0nei seguenti Festival:<br \/>\n* Vicenza Citt\u00e0 Impresa &#8211; Festival dei Territori Industriali <<a href=\"https:\/\/zoho.email-view.com\/click.zt?linkDgs=312b8240cb318k16860a1a957&#038;mailDgs=312b8240cb310&#038;ver=a78101656d9c1ed0bd939597d2d6a7c739d4116242859ea1997638aa7e32022b\">zoho.email-view.com\/click.zt?linkDgs=312b8240cb318k16860a1a957&amp;mailDgs=312b8240cb310&amp;ver=a78101656d9c1ed0bd939597d2d6a7c739d4116242859ea1997638aa7e32022b<\/a>> (Vicenza, 29 &#8211; 31 marzo 2019 | focus tematici: economia, management, scienze politiche) * Galileo Festival dell\u2019Innovazione <<a href=\"https:\/\/zoho.email-view.com\/click.zt?linkDgs=312b8240cb319k16860a1a957&#038;mailDgs=312b8240cb310&#038;ver=a78101656d9c1ed0bd939597d2d6a7c739d4116242859ea1997638aa7e32022b\">zoho.email-view.com\/click.zt?linkDgs=312b8240cb319k16860a1a957&amp;mailDgs=312b8240cb310&amp;ver=a78101656d9c1ed0bd939597d2d6a7c739d4116242859ea1997638aa7e32022b<\/a>> (Padova, 9-11 maggio 2019 | focus tematici: innovazione e trasferimento tecnologico) * Make in Italy Festival \u2013 Il digitale incontra la manifattura <<a href=\"https:\/\/zoho.email-view.com\/click.zt?linkDgs=312b8240cb31ak16860a1a957&#038;mailDgs=312b8240cb310&#038;ver=a78101656d9c1ed0bd939597d2d6a7c739d4116242859ea1997638aa7e32022b\">zoho.email-view.com\/click.zt?linkDgs=312b8240cb31ak16860a1a957&amp;mailDgs=312b8240cb310&amp;ver=a78101656d9c1ed0bd939597d2d6a7c739d4116242859ea1997638aa7e32022b<\/a>>(Thiene, 7 giugno &#8211; 9 giugno 2019 | focus tematici: 4.0 e Made in Italy) * Piacenza Citt\u00e0 Impresa &#8211; Festival dei Territori Industriali <<a href=\"https:\/\/zoho.email-view.com\/click.zt?linkDgs=312b8240cb31bk16860a1a957&#038;mailDgs=312b8240cb310&#038;ver=a78101656d9c1ed0bd939597d2d6a7c739d4116242859ea1997638aa7e32022b\">zoho.email-view.com\/click.zt?linkDgs=312b8240cb31bk16860a1a957&amp;mailDgs=312b8240cb310&amp;ver=a78101656d9c1ed0bd939597d2d6a7c739d4116242859ea1997638aa7e32022b<\/a>> (Piacenza, 12 &#8211; 14settembre 2019 | focus tematici: economia, management, scienze politiche) * Trieste Next \u2013 Festival della Ricerca Scientifica <<a href=\"https:\/\/zoho.email-view.com\/click.zt?linkDgs=312b8240cb31ck16860a1a957&#038;mailDgs=312b8240cb310&#038;ver=a78101656d9c1ed0bd939597d2d6a7c739d4116242859ea1997638aa7e32022b\">zoho.email-view.com\/click.zt?linkDgs=312b8240cb31ck16860a1a957&amp;mailDgs=312b8240cb310&amp;ver=a78101656d9c1ed0bd939597d2d6a7c739d4116242859ea1997638aa7e32022b<\/a>> (Trieste, 27 &#8211; 29 settembre 2019 | focus tematici: scienza e ricerca applicata) * Festival Informatici Senza Frontiere <<a href=\"https:\/\/zoho.email-view.com\/click.zt?linkDgs=312b8240cb31dk16860a1a957&#038;mailDgs=312b8240cb310&#038;ver=a78101656d9c1ed0bd939597d2d6a7c739d4116242859ea1997638aa7e32022b\">zoho.email-view.com\/click.zt?linkDgs=312b8240cb31dk16860a1a957&amp;mailDgs=312b8240cb310&amp;ver=a78101656d9c1ed0bd939597d2d6a7c739d4116242859ea1997638aa7e32022b<\/a>> (Rovereto, 11 &#8211; 13 ottobre 2019 | focus tematici: informatica e cooperazione) * Bergamo Citt\u00e0 Impresa &#8211; Festival dei Territori Industriali <<a href=\"https:\/\/zoho.email-view.com\/click.zt?linkDgs=312b8240cb31ek16860a1a957&#038;mailDgs=312b8240cb310&#038;ver=a78101656d9c1ed0bd939597d2d6a7c739d4116242859ea1997638aa7e32022b\">zoho.email-view.com\/click.zt?linkDgs=312b8240cb31ek16860a1a957&amp;mailDgs=312b8240cb310&amp;ver=a78101656d9c1ed0bd939597d2d6a7c739d4116242859ea1997638aa7e32022b<\/a>>(Bergamo, ottobre 2019 | focus tematici: economia, management, scienze politiche) * WeFood &#8211; Opening delle Fabbriche del Gusto <<a href=\"https:\/\/zoho.email-view.com\/click.zt?linkDgs=312b8240cb31fk16860a1a957&#038;mailDgs=312b8240cb310&#038;ver=a78101656d9c1ed0bd939597d2d6a7c739d4116242859ea1997638aa7e32022b\">zoho.email-view.com\/click.zt?linkDgs=312b8240cb31fk16860a1a957&amp;mailDgs=312b8240cb310&amp;ver=a78101656d9c1ed0bd939597d2d6a7c739d4116242859ea1997638aa7e32022b<\/a>> (Sedi varie, novembre 2019 | focus tematici: enogastronomia e marketing territoriale)<br \/>\nFacebook <<a href=\"https:\/\/zoho.email-view.com\/click.zt?linkDgs=312b8240cb320k16860a1a957&#038;mailDgs=312b8240cb310&#038;ver=a78101656d9c1ed0bd939597d2d6a7c739d4116242859ea1997638aa7e32022b\">zoho.email-view.com\/click.zt?linkDgs=312b8240cb320k16860a1a957&amp;mailDgs=312b8240cb310&amp;ver=a78101656d9c1ed0bd939597d2d6a7c739d4116242859ea1997638aa7e32022b<\/a>><br \/>\n Facebook<br \/>\n<<a href=\"https:\/\/zoho.email-view.com\/click.zt?linkDgs=312b8240cb321k16860a1a957&#038;mailDgs=312b8240cb310&#038;ver=a78101656d9c1ed0bd939597d2d6a7c739d4116242859ea1997638aa7e32022b\">zoho.email-view.com\/click.zt?linkDgs=312b8240cb321k16860a1a957&amp;mailDgs=312b8240cb310&amp;ver=a78101656d9c1ed0bd939597d2d6a7c739d4116242859ea1997638aa7e32022b<\/a>><\/p>\n<p>Twitter <<a href=\"https:\/\/zoho.email-view.com\/click.zt?linkDgs=312b8240cb322k16860a1a957&#038;mailDgs=312b8240cb310&#038;ver=a78101656d9c1ed0bd939597d2d6a7c739d4116242859ea1997638aa7e32022b\">zoho.email-view.com\/click.zt?linkDgs=312b8240cb322k16860a1a957&amp;mailDgs=312b8240cb310&amp;ver=a78101656d9c1ed0bd939597d2d6a7c739d4116242859ea1997638aa7e32022b<\/a>><br \/>\n Twitter<br \/>\n<<a href=\"https:\/\/zoho.email-view.com\/click.zt?linkDgs=312b8240cb323k16860a1a957&#038;mailDgs=312b8240cb310&#038;ver=a78101656d9c1ed0bd939597d2d6a7c739d4116242859ea1997638aa7e32022b\">zoho.email-view.com\/click.zt?linkDgs=312b8240cb323k16860a1a957&amp;mailDgs=312b8240cb310&amp;ver=a78101656d9c1ed0bd939597d2d6a7c739d4116242859ea1997638aa7e32022b<\/a>><\/p>\n<p>Youtube <<a href=\"https:\/\/zoho.email-view.com\/click.zt?linkDgs=312b8240cb324k16860a1a957&#038;mailDgs=312b8240cb310&#038;ver=a78101656d9c1ed0bd939597d2d6a7c739d4116242859ea1997638aa7e32022b\">zoho.email-view.com\/click.zt?linkDgs=312b8240cb324k16860a1a957&amp;mailDgs=312b8240cb310&amp;ver=a78101656d9c1ed0bd939597d2d6a7c739d4116242859ea1997638aa7e32022b<\/a>><br \/>\n Youtube<br \/>\n<<a href=\"https:\/\/zoho.email-view.com\/click.zt?linkDgs=312b8240cb325k16860a1a957&#038;mailDgs=312b8240cb310&#038;ver=a78101656d9c1ed0bd939597d2d6a7c739d4116242859ea1997638aa7e32022b\">zoho.email-view.com\/click.zt?linkDgs=312b8240cb325k16860a1a957&amp;mailDgs=312b8240cb310&amp;ver=a78101656d9c1ed0bd939597d2d6a7c739d4116242859ea1997638aa7e32022b<\/a>><\/p>\n<p>Instagram <<a href=\"https:\/\/zoho.email-view.com\/click.zt?linkDgs=312b8240cb326k16860a1a957&#038;mailDgs=312b8240cb310&#038;ver=a78101656d9c1ed0bd939597d2d6a7c739d4116242859ea1997638aa7e32022b\">zoho.email-view.com\/click.zt?linkDgs=312b8240cb326k16860a1a957&amp;mailDgs=312b8240cb310&amp;ver=a78101656d9c1ed0bd939597d2d6a7c739d4116242859ea1997638aa7e32022b<\/a>><br \/>\n Instagram<br \/>\n<<a href=\"https:\/\/zoho.email-view.com\/click.zt?linkDgs=312b8240cb327k16860a1a957&#038;mailDgs=312b8240cb310&#038;ver=a78101656d9c1ed0bd939597d2d6a7c739d4116242859ea1997638aa7e32022b\">zoho.email-view.com\/click.zt?linkDgs=312b8240cb327k16860a1a957&amp;mailDgs=312b8240cb310&amp;ver=a78101656d9c1ed0bd939597d2d6a7c739d4116242859ea1997638aa7e32022b<\/a>><\/p>\n<p>E-mail <<a href=\"mailto:progettostudenti@goodnet.it\">mailto:<a href=\"mailto:progettostudenti@goodnet.it\" >progettostudenti@goodnet.it<\/a><\/a>><br \/>\nE-mail<br \/>\n<<a href=\"mailto:progettostudenti@goodnet.it\">mailto:<a href=\"mailto:progettostudenti@goodnet.it\" >progettostudenti@goodnet.it<\/a><\/a>><\/p>\n<div class=\"postie-attachments\"><a href=\"https:\/\/web.unibas.it\/scuolasafenews\/s1\/wordpress\/wp-content\/uploads\/2019\/01\/GreenWeek_Locandina-Academy.pdf\"><img src='https:\/\/web.unibas.it\/scuolasafenews\/s1\/wordpress\/wp-content\/plugins\/postie\/icons\/silver\/pdf-32.png' alt='pdf icon' \/> GreenWeek_Locandina-Academy.pdf<\/a><br \/>\n<a href=\"https:\/\/web.unibas.it\/scuolasafenews\/s1\/wordpress\/wp-content\/uploads\/2019\/01\/Bando-GreenWeek.pdf\"><img src='https:\/\/web.unibas.it\/scuolasafenews\/s1\/wordpress\/wp-content\/plugins\/postie\/icons\/silver\/pdf-32.png' alt='pdf icon' \/> Bando-GreenWeek.pdf<\/a><\/div>\n","protected":false},"excerpt":{"rendered":"<p>Di seguito tutte le informazioni relative al progetto *&#8221;Academy&#8221; *per la *Green Week 2019,*\u00a0che speriamo possa condividere con i suoi studenti. Il progetto Academy permetter\u00e0 a un numero selezionato di _studenti di laurea triennale, specialistica, master e dottorato_ di partecipare in modo agevolato alla Green Week, una settimana di *visite in azienda, incontri con gli [&hellip;]<\/p>\n","protected":false},"author":1,"featured_media":0,"comment_status":"closed","ping_status":"open","sticky":false,"template":"","format":"standard","meta":{"footnotes":""},"categories":[6],"tags":[],"_links":{"self":[{"href":"https:\/\/web.unibas.it\/scuolasafenews\/s1\/wordpress\/index.php\/wp-json\/wp\/v2\/posts\/335"}],"collection":[{"href":"https:\/\/web.unibas.it\/scuolasafenews\/s1\/wordpress\/index.php\/wp-json\/wp\/v2\/posts"}],"about":[{"href":"https:\/\/web.unibas.it\/scuolasafenews\/s1\/wordpress\/index.php\/wp-json\/wp\/v2\/types\/post"}],"author":[{"embeddable":true,"href":"https:\/\/web.unibas.it\/scuolasafenews\/s1\/wordpress\/index.php\/wp-json\/wp\/v2\/users\/1"}],"replies":[{"embeddable":true,"href":"https:\/\/web.unibas.it\/scuolasafenews\/s1\/wordpress\/index.php\/wp-json\/wp\/v2\/comments?post=335"}],"version-history":[{"count":0,"href":"https:\/\/web.unibas.it\/scuolasafenews\/s1\/wordpress\/index.php\/wp-json\/wp\/v2\/posts\/335\/revisions"}],"wp:attachment":[{"href":"https:\/\/web.unibas.it\/scuolasafenews\/s1\/wordpress\/index.php\/wp-json\/wp\/v2\/media?parent=335"}],"wp:term":[{"taxonomy":"category","embeddable":true,"href":"https:\/\/web.unibas.it\/scuolasafenews\/s1\/wordpress\/index.php\/wp-json\/wp\/v2\/categories?post=335"},{"taxonomy":"post_tag","embeddable":true,"href":"https:\/\/web.unibas.it\/scuolasafenews\/s1\/wordpress\/index.php\/wp-json\/wp\/v2\/tags?post=335"}],"curies":[{"name":"wp","href":"https:\/\/api.w.org\/{rel}","templated":true}]}}