{"id":2995,"date":"2020-07-19T21:52:18","date_gmt":"2020-07-19T20:52:18","guid":{"rendered":"https:\/\/web.unibas.it\/scuolasafenews\/s1\/wordpress\/?p=2995"},"modified":"2020-08-09T19:42:22","modified_gmt":"2020-08-09T18:42:22","slug":"blow-riconosciuto-come-key-innovation-dalla-commissione-europea","status":"publish","type":"post","link":"https:\/\/web.unibas.it\/scuolasafenews\/s1\/wordpress\/index.php\/2020\/07\/19\/blow-riconosciuto-come-key-innovation-dalla-commissione-europea\/","title":{"rendered":"Blow riconosciuto come &#8220;Key Innovation&#8221; dalla Commissione Europea (FB)"},"content":{"rendered":"<p><img loading=\"lazy\" decoding=\"async\" class=\"wp-image-2998 alignleft\" src=\"https:\/\/web.unibas.it\/scuolasafenews\/s1\/wordpress\/wp-content\/uploads\/2020\/07\/applicazione_blow_1-300x260.png\" alt=\"\" width=\"140\" height=\"121\" srcset=\"https:\/\/web.unibas.it\/scuolasafenews\/s1\/wordpress\/wp-content\/uploads\/2020\/07\/applicazione_blow_1-300x260.png 300w, https:\/\/web.unibas.it\/scuolasafenews\/s1\/wordpress\/wp-content\/uploads\/2020\/07\/applicazione_blow_1-768x665.png 768w, https:\/\/web.unibas.it\/scuolasafenews\/s1\/wordpress\/wp-content\/uploads\/2020\/07\/applicazione_blow_1.png 908w\" sizes=\"(max-width: 140px) 100vw, 140px\" \/>Il progetto <strong>MyPack<\/strong> \u00e8 un progetto finanziato dalla <strong>Commissione Europea<\/strong> nell\u2019ambito del programma <strong>Horizon 2020<\/strong> (GA 774265) con l\u2019obiettivo di promuovere lo sviluppo e la diffusione, a livello commerciale, di innovazioni sostenibili sviluppate nel campo del confezionamento per i prodotti alimentari.<\/p>\n<p>La <strong>Commissione Europea<\/strong> ha ritenuto di notevole importanza, per l\u2019impatto scientifico e industriale, un&#8217;innovazione proposta dal <strong>Prof. Di Renzo<\/strong>, gi\u00e0 oggetto di brevetto internazionale: un dispositivo (denominato <a href=\"https:\/\/machimplab.wordpress.com\/\" target=\"_blank\" rel=\"noopener\"><strong>Blow<\/strong><\/a>) che, <strong><span style=\"color: #0000ff;\">applicato su film plastici tradizionali o biodegradabili per il confezionamento di frutta e verdura fresca, conferisce all&#8217;imballaggio la capacit\u00e0 di respirare, e favorisce gli scambi gassosi con l\u2019atmosfera esterna, prolungando la conservazione del prodotto confezionato, fino a<\/span> <span style=\"color: #ff0000;\"><em>raddoppiarla per alcuni prodotti<\/em><\/span>.<\/strong><\/p>\n<p>&nbsp;<\/p>\n<p><img loading=\"lazy\" decoding=\"async\" class=\"wp-image-3001 alignleft\" src=\"https:\/\/web.unibas.it\/scuolasafenews\/s1\/wordpress\/wp-content\/uploads\/2020\/07\/rucola_blow-300x269.png\" alt=\"\" width=\"137\" height=\"123\" srcset=\"https:\/\/web.unibas.it\/scuolasafenews\/s1\/wordpress\/wp-content\/uploads\/2020\/07\/rucola_blow-300x269.png 300w, https:\/\/web.unibas.it\/scuolasafenews\/s1\/wordpress\/wp-content\/uploads\/2020\/07\/rucola_blow.png 626w\" sizes=\"(max-width: 137px) 100vw, 137px\" \/>Dal 20 luglio 2020, l\u2019innovazione sar\u00e0 <span style=\"color: #ff0000;\"><strong>inserita sul portale europeo Innovation Radar<\/strong><\/span> (<strong><a href=\"https:\/\/www.innoradar.eu\/\">https:\/\/www.innoradar.eu\/<\/a><\/strong>), nato con l\u2019intento di mostrare ai cittadini europei i numerosi ed eccellenti progressi tecnologici e scientifici realizzati dai ricercatori e dagli innovatori in tutta Europa.<\/p>\n<p>Questa opportunit\u00e0 \u00e8 motivo di grande orgoglio perch\u00e9 rappresenta un riconoscimento molto forte da parte della <strong>Commissione Europea<\/strong>, che ha apprezzato l\u2019idea innovativa e la capacit\u00e0 di svilupparla portandola da un livello scientifico ad un livello commerciale (<strong>Business Ready<\/strong>), tanto da sentire l\u2019esigenza di promuoverne la sua visibilit\u00e0 a livello europeo.<\/p>\n<p>&nbsp;<\/p>\n<p><img loading=\"lazy\" decoding=\"async\" class=\"wp-image-3003 alignleft\" src=\"https:\/\/web.unibas.it\/scuolasafenews\/s1\/wordpress\/wp-content\/uploads\/2020\/07\/blow_2-300x273.png\" alt=\"\" width=\"140\" height=\"128\" srcset=\"https:\/\/web.unibas.it\/scuolasafenews\/s1\/wordpress\/wp-content\/uploads\/2020\/07\/blow_2-300x273.png 300w, https:\/\/web.unibas.it\/scuolasafenews\/s1\/wordpress\/wp-content\/uploads\/2020\/07\/blow_2-768x698.png 768w, https:\/\/web.unibas.it\/scuolasafenews\/s1\/wordpress\/wp-content\/uploads\/2020\/07\/blow_2-1024x931.png 1024w\" sizes=\"(max-width: 140px) 100vw, 140px\" \/>Allo stesso tempo la notizia rende merito all\u2019intensa attivit\u00e0 di lavoro svolta con impegno, da anni, dal <strong>gruppo di Macchine e Impianti per le Industrie Alimentari della Scuola SAFE<\/strong> e dai numerosi collaboratori (tecnologi alimentari, tecnici e dottorandi) che quotidianamente hanno modo di condividere le attivit\u00e0 svolte, supportandole con il loro prezioso operato.<\/p>\n<p>&#8212;<\/p>\n<p>Ulteriori informazioni sul sito del MAC-Lab <a href=\"https:\/\/machimplab.wordpress.com\/\" target=\"_blank\" rel=\"noopener\"><strong>https:\/\/machimplab.wordpress.com\/<\/strong><\/a> (in inglese\/italiano)<\/p>\n<p>&nbsp;<\/p>\n<p><strong>Prof. Giovanni Carlo Di Renzo<\/strong> (<a href=\"about:blank\">giovanni.direnzo@unibas.it<\/a>)<\/p>\n","protected":false},"excerpt":{"rendered":"<p>Il progetto MyPack \u00e8 un progetto finanziato dalla Commissione Europea nell\u2019ambito del programma Horizon 2020 (GA 774265) con l\u2019obiettivo di promuovere lo sviluppo e la diffusione, a livello commerciale, di innovazioni sostenibili sviluppate nel campo del confezionamento per i prodotti alimentari. La Commissione Europea ha ritenuto di notevole importanza, per l\u2019impatto scientifico e industriale, un&#8217;innovazione [&hellip;]<\/p>\n","protected":false},"author":1,"featured_media":0,"comment_status":"closed","ping_status":"open","sticky":false,"template":"","format":"standard","meta":{"footnotes":""},"categories":[6,9,7,5,4,8],"tags":[],"_links":{"self":[{"href":"https:\/\/web.unibas.it\/scuolasafenews\/s1\/wordpress\/index.php\/wp-json\/wp\/v2\/posts\/2995"}],"collection":[{"href":"https:\/\/web.unibas.it\/scuolasafenews\/s1\/wordpress\/index.php\/wp-json\/wp\/v2\/posts"}],"about":[{"href":"https:\/\/web.unibas.it\/scuolasafenews\/s1\/wordpress\/index.php\/wp-json\/wp\/v2\/types\/post"}],"author":[{"embeddable":true,"href":"https:\/\/web.unibas.it\/scuolasafenews\/s1\/wordpress\/index.php\/wp-json\/wp\/v2\/users\/1"}],"replies":[{"embeddable":true,"href":"https:\/\/web.unibas.it\/scuolasafenews\/s1\/wordpress\/index.php\/wp-json\/wp\/v2\/comments?post=2995"}],"version-history":[{"count":21,"href":"https:\/\/web.unibas.it\/scuolasafenews\/s1\/wordpress\/index.php\/wp-json\/wp\/v2\/posts\/2995\/revisions"}],"predecessor-version":[{"id":3138,"href":"https:\/\/web.unibas.it\/scuolasafenews\/s1\/wordpress\/index.php\/wp-json\/wp\/v2\/posts\/2995\/revisions\/3138"}],"wp:attachment":[{"href":"https:\/\/web.unibas.it\/scuolasafenews\/s1\/wordpress\/index.php\/wp-json\/wp\/v2\/media?parent=2995"}],"wp:term":[{"taxonomy":"category","embeddable":true,"href":"https:\/\/web.unibas.it\/scuolasafenews\/s1\/wordpress\/index.php\/wp-json\/wp\/v2\/categories?post=2995"},{"taxonomy":"post_tag","embeddable":true,"href":"https:\/\/web.unibas.it\/scuolasafenews\/s1\/wordpress\/index.php\/wp-json\/wp\/v2\/tags?post=2995"}],"curies":[{"name":"wp","href":"https:\/\/api.w.org\/{rel}","templated":true}]}}