{"id":2832,"date":"2020-06-09T06:52:36","date_gmt":"2020-06-09T05:52:36","guid":{"rendered":"https:\/\/web.unibas.it\/scuolasafenews\/s1\/wordpress\/?p=2832"},"modified":"2020-06-09T06:52:36","modified_gmt":"2020-06-09T05:52:36","slug":"il-tempo-di-una-birra-9-conversazione-con-dario-vista-mercoledi-10-giugno-2020-ore-1930","status":"publish","type":"post","link":"https:\/\/web.unibas.it\/scuolasafenews\/s1\/wordpress\/index.php\/2020\/06\/09\/il-tempo-di-una-birra-9-conversazione-con-dario-vista-mercoledi-10-giugno-2020-ore-1930\/","title":{"rendered":"Il tempo di una birra 9: Conversazione con Dario Vista &#8211; mercoledi 10 giugno 2020, ore 19:30"},"content":{"rendered":"<p><strong>&#8220;Il tempo di una birra&#8221;, 10 giugno, dalle ore 19:30 alle 21:00.<\/strong><\/p>\n<p>Il protagonista del nono appuntamento de \u201cIl tempo di una birra\u201d sar\u00e0 Dario Vista Tecnologo Alimentare e Biologo Nutrizionista. Libero professionista al quadrato, svolge la sua attivit\u00e0 nella consulenza in tecnologie alimentari ed \u00e8 particolarmente impegnato nelle attivit\u00e0 di ricerca e sviluppo per la creazione di Smart food e per il recupero di sottoprodotti dell\u2019industria alimentare per la produzione di integratori. E\u2019 impegnato altres\u00ec nella formulazione di ricette per aziende produttrici di integratori alimentari. Quest\u2019ultima attivit\u00e0 \u00e8 integrata in una pi\u00f9 ampia gamma di consulenza nutrizionale che svolge in virt\u00f9 della sua seconda abilitazione professionale quale nutrizionista. E\u2019 particolarmente attivo nel campo dell\u2019informazione scientifica. Da sempre in prima linea per la tutela del cittadino attraverso le inchieste mensili su \u201cIl Salvagente\u201d, testata leader nei test di laboratorio contro le truffe al consumatore attualmente. E&#8217; presente anche sul piccolo schermo in qualit\u00e0 di divulgatore scientifico nei programmi \u201cIl mio medico\u201d e \u201cAttenti al lupo\u201d su TV2000. E\u2019 inoltre il curatore della rubrica sulle fake news alimentari in \u201cE\u2019 tutto un magna magna\u201d per \u201cStriscia la Notizia\u201d su Canale 5.<\/p>\n<p>Partecipa alla videoconferenza cliccando sul seguente link: <a href=\"https:\/\/l.facebook.com\/l.php?u=https%3A%2F%2Fmeet.google.com%2Fxgj-ssyx-emb%3Ffbclid%3DIwAR1wuzJRIthaPnLEekEY9dLLLP0EYVk3KFfwU7Ctt1mTNEPwXjQKwXhZ6gs&amp;h=AT0yTdBiqNh2iV4nT9PUK2G58YrH5TJevm-H-fzzPL7dsZzM4NH5zcLiSOigl89VaZlm7fm3_5EjwCDNquUHVqs2whoNae0FSBNHZ4gjVxk1h3SL795kUxDEZRiO7VOFCQ\" target=\"_blank\" rel=\"nofollow noopener\" data-lynx-mode=\"hover\">meet.google.com\/xgj-ssyx-emb<\/a><\/p>\n","protected":false},"excerpt":{"rendered":"<p>&#8220;Il tempo di una birra&#8221;, 10 giugno, dalle ore 19:30 alle 21:00. Il protagonista del nono appuntamento de \u201cIl tempo di una birra\u201d sar\u00e0 Dario Vista Tecnologo Alimentare e Biologo Nutrizionista. Libero professionista al quadrato, svolge la sua attivit\u00e0 nella consulenza in tecnologie alimentari ed \u00e8 particolarmente impegnato nelle attivit\u00e0 di ricerca e sviluppo per [&hellip;]<\/p>\n","protected":false},"author":4,"featured_media":0,"comment_status":"closed","ping_status":"open","sticky":false,"template":"","format":"standard","meta":{"footnotes":""},"categories":[6,9,7,5,4,8],"tags":[],"_links":{"self":[{"href":"https:\/\/web.unibas.it\/scuolasafenews\/s1\/wordpress\/index.php\/wp-json\/wp\/v2\/posts\/2832"}],"collection":[{"href":"https:\/\/web.unibas.it\/scuolasafenews\/s1\/wordpress\/index.php\/wp-json\/wp\/v2\/posts"}],"about":[{"href":"https:\/\/web.unibas.it\/scuolasafenews\/s1\/wordpress\/index.php\/wp-json\/wp\/v2\/types\/post"}],"author":[{"embeddable":true,"href":"https:\/\/web.unibas.it\/scuolasafenews\/s1\/wordpress\/index.php\/wp-json\/wp\/v2\/users\/4"}],"replies":[{"embeddable":true,"href":"https:\/\/web.unibas.it\/scuolasafenews\/s1\/wordpress\/index.php\/wp-json\/wp\/v2\/comments?post=2832"}],"version-history":[{"count":3,"href":"https:\/\/web.unibas.it\/scuolasafenews\/s1\/wordpress\/index.php\/wp-json\/wp\/v2\/posts\/2832\/revisions"}],"predecessor-version":[{"id":2886,"href":"https:\/\/web.unibas.it\/scuolasafenews\/s1\/wordpress\/index.php\/wp-json\/wp\/v2\/posts\/2832\/revisions\/2886"}],"wp:attachment":[{"href":"https:\/\/web.unibas.it\/scuolasafenews\/s1\/wordpress\/index.php\/wp-json\/wp\/v2\/media?parent=2832"}],"wp:term":[{"taxonomy":"category","embeddable":true,"href":"https:\/\/web.unibas.it\/scuolasafenews\/s1\/wordpress\/index.php\/wp-json\/wp\/v2\/categories?post=2832"},{"taxonomy":"post_tag","embeddable":true,"href":"https:\/\/web.unibas.it\/scuolasafenews\/s1\/wordpress\/index.php\/wp-json\/wp\/v2\/tags?post=2832"}],"curies":[{"name":"wp","href":"https:\/\/api.w.org\/{rel}","templated":true}]}}